{"id":2822,"date":"2023-09-22T14:18:34","date_gmt":"2023-09-22T12:18:34","guid":{"rendered":"https:\/\/apparis.hr\/?p=2822"},"modified":"2026-03-09T15:00:32","modified_gmt":"2026-03-09T14:00:32","slug":"apparis-grupa-na-ambienti-montazne-kuce-sve-su-popularnije","status":"publish","type":"post","link":"https:\/\/apparis.hr\/de\/apparis-grupa-na-ambienti-montazne-kuce-sve-su-popularnije\/","title":{"rendered":"Die Apparis Gruppe auf der Ambienta: Fertigh\u00e4user werden immer beliebter!"},"content":{"rendered":"<div class=\"wpb-content-wrapper\"><p><em>Die Apparis Gruppe wird sich mit ihren beliebten und hochwertigen Fertiggeb\u00e4uden pr\u00e4sentieren. Fertigh\u00e4user werden in Kroatien bei B\u00fcrgern, die eine schnelle und wirtschaftliche L\u00f6sung f\u00fcr ihr Eigenheim oder ihre Ferienwohnung suchen, immer beliebter, aber auch f\u00fcr Objekte, die f\u00fcr gesch\u00e4ftliche Zwecke oder zur Vermietung genutzt werden sollen.<br \/>\nDie Apparis Gruppe aus Istrien, eines der bekanntesten Unternehmen f\u00fcr Planung und Produktion von Fertiggeb\u00e4uden in Kroatien, stellt sich auf der diesj\u00e4hrigen Jubil\u00e4ums-50. Ambienta vor, der internationalen Messe f\u00fcr M\u00f6bel, Inneneinrichtung und verwandte Branchen, die vom 26. September bis 1. Oktober auf dem Zagreber Messegel\u00e4nde stattfindet. Diese bedeutende wirtschaftliche und gesellschaftliche Veranstaltung bietet Ausstellern wie der Apparis Gruppe die Gelegenheit, ihre Expertise und Exzellenz im schnellen, hochwertigen und effizienten Bauen zu pr\u00e4sentieren.<br \/>\n<\/em><\/p>\n<p><img loading=\"lazy\" decoding=\"async\" class=\"alignnone wp-image-2823 size-full\" src=\"https:\/\/apparis.hr\/wp-content\/uploads\/2023\/09\/stambeni-2.jpg\" alt=\"\" width=\"1504\" height=\"853\" srcset=\"https:\/\/apparis.hr\/wp-content\/uploads\/2023\/09\/stambeni-2.jpg 1504w, https:\/\/apparis.hr\/wp-content\/uploads\/2023\/09\/stambeni-2-300x170.jpg 300w, https:\/\/apparis.hr\/wp-content\/uploads\/2023\/09\/stambeni-2-1024x581.jpg 1024w, https:\/\/apparis.hr\/wp-content\/uploads\/2023\/09\/stambeni-2-768x436.jpg 768w\" sizes=\"auto, (max-width: 1504px) 100vw, 1504px\" \/><\/p>\n<p>&nbsp;<\/p>\n<p>Die Apparis Gruppe wird sich mit ihren beliebten und hochwertigen Fertiggeb\u00e4uden pr\u00e4sentieren. Fertigh\u00e4user werden in Kroatien bei B\u00fcrgern, die eine schnelle und wirtschaftliche L\u00f6sung f\u00fcr ihr Eigenheim oder ihre Ferienwohnung suchen, immer beliebter, aber auch f\u00fcr Objekte, die f\u00fcr gesch\u00e4ftliche Zwecke oder zur Vermietung genutzt werden sollen.<br \/>\n\u201eWir sind auf die Planung und Produktion von Fertiggeb\u00e4uden f\u00fcr alle Einsatzzwecke spezialisiert \u2013 von Wohn- und B\u00fcrogeb\u00e4uden \u00fcber Gastronomie-, Sport-, Sanit\u00e4r- und Wellnessmodule, die mit allen notwendigen Einrichtungen ausgestattet sind. Jedes Fertiggeb\u00e4ude kann vollst\u00e4ndig an die W\u00fcnsche und Bed\u00fcrfnisse des Kunden angepasst werden. Neben Fertiggeb\u00e4uden bietet die Apparis Gruppe auch ein breites Sortiment an urbaner Ausstattung an, wie Bushaltestellen, B\u00e4nke, M\u00fclleimer, Fahrradst\u00e4nder sowie die intelligenten Solarm\u00fclltonnen Mr. Fill, die derzeit ein echter Markttrend sind\u201c, erkl\u00e4rte Toni Damijani\u0107, Gesch\u00e4ftsf\u00fchrer der Apparis Gruppe.<\/p>\n<p><img loading=\"lazy\" decoding=\"async\" class=\"alignnone wp-image-2824 size-full\" src=\"https:\/\/apparis.hr\/wp-content\/uploads\/2023\/09\/uredski2.jpg\" alt=\"\" width=\"1626\" height=\"745\" srcset=\"https:\/\/apparis.hr\/wp-content\/uploads\/2023\/09\/uredski2.jpg 1626w, https:\/\/apparis.hr\/wp-content\/uploads\/2023\/09\/uredski2-300x137.jpg 300w, https:\/\/apparis.hr\/wp-content\/uploads\/2023\/09\/uredski2-1024x469.jpg 1024w, https:\/\/apparis.hr\/wp-content\/uploads\/2023\/09\/uredski2-768x352.jpg 768w, https:\/\/apparis.hr\/wp-content\/uploads\/2023\/09\/uredski2-1536x704.jpg 1536w\" sizes=\"auto, (max-width: 1626px) 100vw, 1626px\" \/><\/p>\n<p>Kunden entscheiden sich immer h\u00e4ufiger f\u00fcr Fertiggeb\u00e4ude. Neben der Tatsache, dass Wohn-Fertiggeb\u00e4ude g\u00fcnstiger sind als herk\u00f6mmliche Bauweisen, bieten sie viele weitere Vorteile. Trotz Vorurteilen sind Fertiggeb\u00e4ude widerstandsf\u00e4higer gegen Feuchtigkeit, Erdbeben und Feuer im Vergleich zur klassischen Bauweise. Sie verf\u00fcgen \u00fcber ausgezeichnete Isolierung und sind hoch energieeffizient, was Einsparungen bei Heiz- und Stromkosten erm\u00f6glicht.<br \/>\n\u201eWohn-Fertiggeb\u00e4ude sind eine hervorragende L\u00f6sung f\u00fcr alle, die keine Zeit mit langwieriger Bauausf\u00fchrung verlieren m\u00f6chten, eine kosteng\u00fcnstigere Alternative suchen oder ein schwer zug\u00e4ngliches Gel\u00e4nde haben. Sie k\u00f6nnen problemlos an schwer zug\u00e4nglichen Stellen und an Orten aufgestellt werden, an denen herk\u00f6mmlicher Bau nicht m\u00f6glich ist\u201c, schlie\u00dft Damijani\u0107.<\/p>\n<p><img loading=\"lazy\" decoding=\"async\" class=\"alignnone wp-image-2826 size-full\" src=\"https:\/\/apparis.hr\/wp-content\/uploads\/2023\/09\/wellness-scaled.jpg\" alt=\"\" width=\"2560\" height=\"1917\" srcset=\"https:\/\/apparis.hr\/wp-content\/uploads\/2023\/09\/wellness-scaled.jpg 2560w, https:\/\/apparis.hr\/wp-content\/uploads\/2023\/09\/wellness-300x225.jpg 300w, https:\/\/apparis.hr\/wp-content\/uploads\/2023\/09\/wellness-1024x767.jpg 1024w, https:\/\/apparis.hr\/wp-content\/uploads\/2023\/09\/wellness-768x575.jpg 768w, https:\/\/apparis.hr\/wp-content\/uploads\/2023\/09\/wellness-1536x1150.jpg 1536w, https:\/\/apparis.hr\/wp-content\/uploads\/2023\/09\/wellness-2048x1534.jpg 2048w\" sizes=\"auto, (max-width: 2560px) 100vw, 2560px\" \/>Die Fertiggeb\u00e4ude der Apparis Gruppe bieten vielf\u00e4ltige M\u00f6glichkeiten, sei es bei Fertigh\u00e4usern, modernen B\u00fcros, die das Konzept klassischer Arbeitsr\u00e4ume \u00fcbertreffen, oder bei Gastronomieobjekten mit erstklassigem Design. Besuchen Sie den Stand von Apparis auf der diesj\u00e4hrigen Ambienta und w\u00e4hlen Sie mit fachkundiger Unterst\u00fctzung Ihr Fertiggeb\u00e4ude nach Ma\u00df aus.<\/p>\n<p><img loading=\"lazy\" decoding=\"async\" class=\"alignnone wp-image-2827 size-full\" src=\"https:\/\/apparis.hr\/wp-content\/uploads\/2023\/09\/slika-zadnja.png\" alt=\"\" width=\"1080\" height=\"1080\" srcset=\"https:\/\/apparis.hr\/wp-content\/uploads\/2023\/09\/slika-zadnja.png 1080w, https:\/\/apparis.hr\/wp-content\/uploads\/2023\/09\/slika-zadnja-300x300.png 300w, https:\/\/apparis.hr\/wp-content\/uploads\/2023\/09\/slika-zadnja-1024x1024.png 1024w, https:\/\/apparis.hr\/wp-content\/uploads\/2023\/09\/slika-zadnja-150x150.png 150w, https:\/\/apparis.hr\/wp-content\/uploads\/2023\/09\/slika-zadnja-768x768.png 768w\" sizes=\"auto, (max-width: 1080px) 100vw, 1080px\" \/><\/p>\n<\/div>","protected":false},"excerpt":{"rendered":"<p>Die Apparis Gruppe wird sich mit ihren beliebten und hochwertigen Fertiggeb\u00e4uden pr\u00e4sentieren. Fertigh\u00e4user werden in Kroatien bei B\u00fcrgern, die eine schnelle und wirtschaftliche L\u00f6sung f\u00fcr ihr Eigenheim oder ihre Ferienwohnung suchen, immer beliebter, aber auch f\u00fcr Objekte, die f\u00fcr gesch\u00e4ftliche Zwecke oder zur Vermietung genutzt werden sollen. Die Apparis Gruppe aus Istrien, eines der bekanntesten&hellip;<\/p>\n","protected":false},"author":2,"featured_media":2825,"comment_status":"open","ping_status":"open","sticky":false,"template":"","format":"standard","meta":{"footnotes":""},"categories":[30],"tags":[],"class_list":["post-2822","post","type-post","status-publish","format-standard","has-post-thumbnail","hentry","category-novosti","category-30","description-off"],"yoast_head":"<!-- This site is optimized with the Yoast SEO plugin v26.3 - https:\/\/yoast.com\/wordpress\/plugins\/seo\/ -->\n<title>Die Apparis Gruppe auf der Ambienta: Fertigh\u00e4user werden immer beliebter! - Apparis<\/title>\n<meta name=\"robots\" content=\"index, follow, max-snippet:-1, max-image-preview:large, max-video-preview:-1\" \/>\n<link rel=\"canonical\" href=\"https:\/\/apparis.hr\/de\/apparis-grupa-na-ambienti-montazne-kuce-sve-su-popularnije\/\" \/>\n<meta property=\"og:locale\" content=\"de_DE\" \/>\n<meta property=\"og:type\" content=\"article\" \/>\n<meta property=\"og:title\" content=\"[:hr]Apparis Grupa na Ambienti: Monta\u017ene ku\u0107e sve su popularnije![:en]Apparis Group at Ambienta: Modular homes are becoming increasingly popular![:de]Die Apparis Gruppe auf der Ambienta: Fertigh\u00e4user werden immer beliebter![:] - Apparis\" \/>\n<meta property=\"og:description\" content=\"Die Apparis Gruppe wird sich mit ihren beliebten und hochwertigen Fertiggeb\u00e4uden pr\u00e4sentieren. Fertigh\u00e4user werden in Kroatien bei B\u00fcrgern, die eine schnelle und wirtschaftliche L\u00f6sung f\u00fcr ihr Eigenheim oder ihre Ferienwohnung suchen, immer beliebter, aber auch f\u00fcr Objekte, die f\u00fcr gesch\u00e4ftliche Zwecke oder zur Vermietung genutzt werden sollen. Die Apparis Gruppe aus Istrien, eines der bekanntesten&hellip;\" \/>\n<meta property=\"og:url\" content=\"https:\/\/apparis.hr\/de\/apparis-grupa-na-ambienti-montazne-kuce-sve-su-popularnije\/\" \/>\n<meta property=\"og:site_name\" content=\"Apparis\" \/>\n<meta property=\"article:publisher\" content=\"https:\/\/www.facebook.com\/apparisgrupa\/\" \/>\n<meta property=\"article:published_time\" content=\"2023-09-22T12:18:34+00:00\" \/>\n<meta property=\"article:modified_time\" content=\"2026-03-09T14:00:32+00:00\" \/>\n<meta property=\"og:image\" content=\"https:\/\/apparis.hr\/wp-content\/uploads\/2023\/09\/stambeni.jpg\" \/>\n\t<meta property=\"og:image:width\" content=\"1630\" \/>\n\t<meta property=\"og:image:height\" content=\"751\" \/>\n\t<meta property=\"og:image:type\" content=\"image\/jpeg\" \/>\n<meta name=\"author\" content=\"KMG2023\" \/>\n<meta name=\"twitter:card\" content=\"summary_large_image\" \/>\n<meta name=\"twitter:label1\" content=\"Verfasst von\" \/>\n\t<meta name=\"twitter:data1\" content=\"KMG2023\" \/>\n\t<meta name=\"twitter:label2\" content=\"Gesch\u00e4tzte Lesezeit\" \/>\n\t<meta name=\"twitter:data2\" content=\"4\u00a0Minuten\" \/>\n<script type=\"application\/ld+json\" class=\"yoast-schema-graph\">{\"@context\":\"https:\/\/schema.org\",\"@graph\":[{\"@type\":\"Article\",\"@id\":\"https:\/\/apparis.hr\/de\/apparis-grupa-na-ambienti-montazne-kuce-sve-su-popularnije\/#article\",\"isPartOf\":{\"@id\":\"https:\/\/apparis.hr\/de\/apparis-grupa-na-ambienti-montazne-kuce-sve-su-popularnije\/\"},\"author\":{\"name\":\"KMG2023\",\"@id\":\"https:\/\/apparis.hr\/#\/schema\/person\/f44220816ab22bcc3027e9954b005358\"},\"headline\":\"Die Apparis Gruppe auf der Ambienta: Fertigh\u00e4user werden immer beliebter!\",\"datePublished\":\"2023-09-22T12:18:34+00:00\",\"dateModified\":\"2026-03-09T14:00:32+00:00\",\"mainEntityOfPage\":{\"@id\":\"https:\/\/apparis.hr\/de\/apparis-grupa-na-ambienti-montazne-kuce-sve-su-popularnije\/\"},\"wordCount\":1386,\"commentCount\":0,\"publisher\":{\"@id\":\"https:\/\/apparis.hr\/#organization\"},\"image\":{\"@id\":\"https:\/\/apparis.hr\/de\/apparis-grupa-na-ambienti-montazne-kuce-sve-su-popularnije\/#primaryimage\"},\"thumbnailUrl\":\"https:\/\/apparis.hr\/wp-content\/uploads\/2023\/09\/stambeni.jpg\",\"articleSection\":[\"Novosti\"],\"inLanguage\":\"de\",\"potentialAction\":[{\"@type\":\"CommentAction\",\"name\":\"Comment\",\"target\":[\"https:\/\/apparis.hr\/de\/apparis-grupa-na-ambienti-montazne-kuce-sve-su-popularnije\/#respond\"]}]},{\"@type\":\"WebPage\",\"@id\":\"https:\/\/apparis.hr\/de\/apparis-grupa-na-ambienti-montazne-kuce-sve-su-popularnije\/\",\"url\":\"https:\/\/apparis.hr\/de\/apparis-grupa-na-ambienti-montazne-kuce-sve-su-popularnije\/\",\"name\":\"[:hr]Apparis Grupa na Ambienti: Monta\u017ene ku\u0107e sve su popularnije![:en]Apparis Group at Ambienta: Modular homes are becoming increasingly popular![:de]Die Apparis Gruppe auf der Ambienta: Fertigh\u00e4user werden immer beliebter![:] - Apparis\",\"isPartOf\":{\"@id\":\"https:\/\/apparis.hr\/#website\"},\"primaryImageOfPage\":{\"@id\":\"https:\/\/apparis.hr\/de\/apparis-grupa-na-ambienti-montazne-kuce-sve-su-popularnije\/#primaryimage\"},\"image\":{\"@id\":\"https:\/\/apparis.hr\/de\/apparis-grupa-na-ambienti-montazne-kuce-sve-su-popularnije\/#primaryimage\"},\"thumbnailUrl\":\"https:\/\/apparis.hr\/wp-content\/uploads\/2023\/09\/stambeni.jpg\",\"datePublished\":\"2023-09-22T12:18:34+00:00\",\"dateModified\":\"2026-03-09T14:00:32+00:00\",\"breadcrumb\":{\"@id\":\"https:\/\/apparis.hr\/de\/apparis-grupa-na-ambienti-montazne-kuce-sve-su-popularnije\/#breadcrumb\"},\"inLanguage\":\"de\",\"potentialAction\":[{\"@type\":\"ReadAction\",\"target\":[\"https:\/\/apparis.hr\/de\/apparis-grupa-na-ambienti-montazne-kuce-sve-su-popularnije\/\"]}]},{\"@type\":\"ImageObject\",\"inLanguage\":\"de\",\"@id\":\"https:\/\/apparis.hr\/de\/apparis-grupa-na-ambienti-montazne-kuce-sve-su-popularnije\/#primaryimage\",\"url\":\"https:\/\/apparis.hr\/wp-content\/uploads\/2023\/09\/stambeni.jpg\",\"contentUrl\":\"https:\/\/apparis.hr\/wp-content\/uploads\/2023\/09\/stambeni.jpg\",\"width\":1630,\"height\":751},{\"@type\":\"BreadcrumbList\",\"@id\":\"https:\/\/apparis.hr\/de\/apparis-grupa-na-ambienti-montazne-kuce-sve-su-popularnije\/#breadcrumb\",\"itemListElement\":[{\"@type\":\"ListItem\",\"position\":1,\"name\":\"Po\u010detna stranica\",\"item\":\"https:\/\/apparis.hr\/\"},{\"@type\":\"ListItem\",\"position\":2,\"name\":\"Die Apparis Gruppe auf der Ambienta: Fertigh\u00e4user werden immer beliebter!\"}]},{\"@type\":\"WebSite\",\"@id\":\"https:\/\/apparis.hr\/#website\",\"url\":\"https:\/\/apparis.hr\/\",\"name\":\"Apparis\",\"description\":\"Monta\u017eni objekti - kontejneri\",\"publisher\":{\"@id\":\"https:\/\/apparis.hr\/#organization\"},\"potentialAction\":[{\"@type\":\"SearchAction\",\"target\":{\"@type\":\"EntryPoint\",\"urlTemplate\":\"https:\/\/apparis.hr\/?s={search_term_string}\"},\"query-input\":{\"@type\":\"PropertyValueSpecification\",\"valueRequired\":true,\"valueName\":\"search_term_string\"}}],\"inLanguage\":\"de\"},{\"@type\":\"Organization\",\"@id\":\"https:\/\/apparis.hr\/#organization\",\"name\":\"Apparis\",\"url\":\"https:\/\/apparis.hr\/\",\"logo\":{\"@type\":\"ImageObject\",\"inLanguage\":\"de\",\"@id\":\"https:\/\/apparis.hr\/#\/schema\/logo\/image\/\",\"url\":\"https:\/\/apparis.hr\/wp-content\/uploads\/2023\/08\/apparis-retina-logo.png\",\"contentUrl\":\"https:\/\/apparis.hr\/wp-content\/uploads\/2023\/08\/apparis-retina-logo.png\",\"width\":431,\"height\":100,\"caption\":\"Apparis\"},\"image\":{\"@id\":\"https:\/\/apparis.hr\/#\/schema\/logo\/image\/\"},\"sameAs\":[\"https:\/\/www.facebook.com\/apparisgrupa\/\"]},{\"@type\":\"Person\",\"@id\":\"https:\/\/apparis.hr\/#\/schema\/person\/f44220816ab22bcc3027e9954b005358\",\"name\":\"KMG2023\",\"image\":{\"@type\":\"ImageObject\",\"inLanguage\":\"de\",\"@id\":\"https:\/\/apparis.hr\/#\/schema\/person\/image\/\",\"url\":\"https:\/\/secure.gravatar.com\/avatar\/a1e79b3ec2723686f4f2a80d7cb432f3d6b2b93b1e2f751216f9f2afffa7cab7?s=96&d=mm&r=g\",\"contentUrl\":\"https:\/\/secure.gravatar.com\/avatar\/a1e79b3ec2723686f4f2a80d7cb432f3d6b2b93b1e2f751216f9f2afffa7cab7?s=96&d=mm&r=g\",\"caption\":\"KMG2023\"},\"sameAs\":[\"https:\/\/apparis.hr\"],\"url\":\"https:\/\/apparis.hr\/de\/author\/kmg2023\/\"}]}<\/script>\n<!-- \/ Yoast SEO plugin. -->","yoast_head_json":{"title":"[:hr]Apparis Grupa na Ambienti: Monta\u017ene ku\u0107e sve su popularnije![:en]Apparis Group at Ambienta: Modular homes are becoming increasingly popular![:de]Die Apparis Gruppe auf der Ambienta: Fertigh\u00e4user werden immer beliebter![:] - Apparis","robots":{"index":"index","follow":"follow","max-snippet":"max-snippet:-1","max-image-preview":"max-image-preview:large","max-video-preview":"max-video-preview:-1"},"canonical":"https:\/\/apparis.hr\/de\/apparis-grupa-na-ambienti-montazne-kuce-sve-su-popularnije\/","og_locale":"de_DE","og_type":"article","og_title":"[:hr]Apparis Grupa na Ambienti: Monta\u017ene ku\u0107e sve su popularnije![:en]Apparis Group at Ambienta: Modular homes are becoming increasingly popular![:de]Die Apparis Gruppe auf der Ambienta: Fertigh\u00e4user werden immer beliebter![:] - Apparis","og_description":"Die Apparis Gruppe wird sich mit ihren beliebten und hochwertigen Fertiggeb\u00e4uden pr\u00e4sentieren. Fertigh\u00e4user werden in Kroatien bei B\u00fcrgern, die eine schnelle und wirtschaftliche L\u00f6sung f\u00fcr ihr Eigenheim oder ihre Ferienwohnung suchen, immer beliebter, aber auch f\u00fcr Objekte, die f\u00fcr gesch\u00e4ftliche Zwecke oder zur Vermietung genutzt werden sollen. Die Apparis Gruppe aus Istrien, eines der bekanntesten&hellip;","og_url":"https:\/\/apparis.hr\/de\/apparis-grupa-na-ambienti-montazne-kuce-sve-su-popularnije\/","og_site_name":"Apparis","article_publisher":"https:\/\/www.facebook.com\/apparisgrupa\/","article_published_time":"2023-09-22T12:18:34+00:00","article_modified_time":"2026-03-09T14:00:32+00:00","og_image":[{"width":1630,"height":751,"url":"https:\/\/apparis.hr\/wp-content\/uploads\/2023\/09\/stambeni.jpg","type":"image\/jpeg"}],"author":"KMG2023","twitter_card":"summary_large_image","twitter_misc":{"Verfasst von":"KMG2023","Gesch\u00e4tzte Lesezeit":"4\u00a0Minuten"},"schema":{"@context":"https:\/\/schema.org","@graph":[{"@type":"Article","@id":"https:\/\/apparis.hr\/de\/apparis-grupa-na-ambienti-montazne-kuce-sve-su-popularnije\/#article","isPartOf":{"@id":"https:\/\/apparis.hr\/de\/apparis-grupa-na-ambienti-montazne-kuce-sve-su-popularnije\/"},"author":{"name":"KMG2023","@id":"https:\/\/apparis.hr\/#\/schema\/person\/f44220816ab22bcc3027e9954b005358"},"headline":"Die Apparis Gruppe auf der Ambienta: Fertigh\u00e4user werden immer beliebter!","datePublished":"2023-09-22T12:18:34+00:00","dateModified":"2026-03-09T14:00:32+00:00","mainEntityOfPage":{"@id":"https:\/\/apparis.hr\/de\/apparis-grupa-na-ambienti-montazne-kuce-sve-su-popularnije\/"},"wordCount":1386,"commentCount":0,"publisher":{"@id":"https:\/\/apparis.hr\/#organization"},"image":{"@id":"https:\/\/apparis.hr\/de\/apparis-grupa-na-ambienti-montazne-kuce-sve-su-popularnije\/#primaryimage"},"thumbnailUrl":"https:\/\/apparis.hr\/wp-content\/uploads\/2023\/09\/stambeni.jpg","articleSection":["Novosti"],"inLanguage":"de","potentialAction":[{"@type":"CommentAction","name":"Comment","target":["https:\/\/apparis.hr\/de\/apparis-grupa-na-ambienti-montazne-kuce-sve-su-popularnije\/#respond"]}]},{"@type":"WebPage","@id":"https:\/\/apparis.hr\/de\/apparis-grupa-na-ambienti-montazne-kuce-sve-su-popularnije\/","url":"https:\/\/apparis.hr\/de\/apparis-grupa-na-ambienti-montazne-kuce-sve-su-popularnije\/","name":"[:hr]Apparis Grupa na Ambienti: Monta\u017ene ku\u0107e sve su popularnije![:en]Apparis Group at Ambienta: Modular homes are becoming increasingly popular![:de]Die Apparis Gruppe auf der Ambienta: Fertigh\u00e4user werden immer beliebter![:] - Apparis","isPartOf":{"@id":"https:\/\/apparis.hr\/#website"},"primaryImageOfPage":{"@id":"https:\/\/apparis.hr\/de\/apparis-grupa-na-ambienti-montazne-kuce-sve-su-popularnije\/#primaryimage"},"image":{"@id":"https:\/\/apparis.hr\/de\/apparis-grupa-na-ambienti-montazne-kuce-sve-su-popularnije\/#primaryimage"},"thumbnailUrl":"https:\/\/apparis.hr\/wp-content\/uploads\/2023\/09\/stambeni.jpg","datePublished":"2023-09-22T12:18:34+00:00","dateModified":"2026-03-09T14:00:32+00:00","breadcrumb":{"@id":"https:\/\/apparis.hr\/de\/apparis-grupa-na-ambienti-montazne-kuce-sve-su-popularnije\/#breadcrumb"},"inLanguage":"de","potentialAction":[{"@type":"ReadAction","target":["https:\/\/apparis.hr\/de\/apparis-grupa-na-ambienti-montazne-kuce-sve-su-popularnije\/"]}]},{"@type":"ImageObject","inLanguage":"de","@id":"https:\/\/apparis.hr\/de\/apparis-grupa-na-ambienti-montazne-kuce-sve-su-popularnije\/#primaryimage","url":"https:\/\/apparis.hr\/wp-content\/uploads\/2023\/09\/stambeni.jpg","contentUrl":"https:\/\/apparis.hr\/wp-content\/uploads\/2023\/09\/stambeni.jpg","width":1630,"height":751},{"@type":"BreadcrumbList","@id":"https:\/\/apparis.hr\/de\/apparis-grupa-na-ambienti-montazne-kuce-sve-su-popularnije\/#breadcrumb","itemListElement":[{"@type":"ListItem","position":1,"name":"Po\u010detna stranica","item":"https:\/\/apparis.hr\/"},{"@type":"ListItem","position":2,"name":"Die Apparis Gruppe auf der Ambienta: Fertigh\u00e4user werden immer beliebter!"}]},{"@type":"WebSite","@id":"https:\/\/apparis.hr\/#website","url":"https:\/\/apparis.hr\/","name":"Apparis","description":"Monta\u017eni objekti - kontejneri","publisher":{"@id":"https:\/\/apparis.hr\/#organization"},"potentialAction":[{"@type":"SearchAction","target":{"@type":"EntryPoint","urlTemplate":"https:\/\/apparis.hr\/?s={search_term_string}"},"query-input":{"@type":"PropertyValueSpecification","valueRequired":true,"valueName":"search_term_string"}}],"inLanguage":"de"},{"@type":"Organization","@id":"https:\/\/apparis.hr\/#organization","name":"Apparis","url":"https:\/\/apparis.hr\/","logo":{"@type":"ImageObject","inLanguage":"de","@id":"https:\/\/apparis.hr\/#\/schema\/logo\/image\/","url":"https:\/\/apparis.hr\/wp-content\/uploads\/2023\/08\/apparis-retina-logo.png","contentUrl":"https:\/\/apparis.hr\/wp-content\/uploads\/2023\/08\/apparis-retina-logo.png","width":431,"height":100,"caption":"Apparis"},"image":{"@id":"https:\/\/apparis.hr\/#\/schema\/logo\/image\/"},"sameAs":["https:\/\/www.facebook.com\/apparisgrupa\/"]},{"@type":"Person","@id":"https:\/\/apparis.hr\/#\/schema\/person\/f44220816ab22bcc3027e9954b005358","name":"KMG2023","image":{"@type":"ImageObject","inLanguage":"de","@id":"https:\/\/apparis.hr\/#\/schema\/person\/image\/","url":"https:\/\/secure.gravatar.com\/avatar\/a1e79b3ec2723686f4f2a80d7cb432f3d6b2b93b1e2f751216f9f2afffa7cab7?s=96&d=mm&r=g","contentUrl":"https:\/\/secure.gravatar.com\/avatar\/a1e79b3ec2723686f4f2a80d7cb432f3d6b2b93b1e2f751216f9f2afffa7cab7?s=96&d=mm&r=g","caption":"KMG2023"},"sameAs":["https:\/\/apparis.hr"],"url":"https:\/\/apparis.hr\/de\/author\/kmg2023\/"}]}},"_links":{"self":[{"href":"https:\/\/apparis.hr\/de\/wp-json\/wp\/v2\/posts\/2822","targetHints":{"allow":["GET"]}}],"collection":[{"href":"https:\/\/apparis.hr\/de\/wp-json\/wp\/v2\/posts"}],"about":[{"href":"https:\/\/apparis.hr\/de\/wp-json\/wp\/v2\/types\/post"}],"author":[{"embeddable":true,"href":"https:\/\/apparis.hr\/de\/wp-json\/wp\/v2\/users\/2"}],"replies":[{"embeddable":true,"href":"https:\/\/apparis.hr\/de\/wp-json\/wp\/v2\/comments?post=2822"}],"version-history":[{"count":6,"href":"https:\/\/apparis.hr\/de\/wp-json\/wp\/v2\/posts\/2822\/revisions"}],"predecessor-version":[{"id":8025,"href":"https:\/\/apparis.hr\/de\/wp-json\/wp\/v2\/posts\/2822\/revisions\/8025"}],"wp:featuredmedia":[{"embeddable":true,"href":"https:\/\/apparis.hr\/de\/wp-json\/wp\/v2\/media\/2825"}],"wp:attachment":[{"href":"https:\/\/apparis.hr\/de\/wp-json\/wp\/v2\/media?parent=2822"}],"wp:term":[{"taxonomy":"category","embeddable":true,"href":"https:\/\/apparis.hr\/de\/wp-json\/wp\/v2\/categories?post=2822"},{"taxonomy":"post_tag","embeddable":true,"href":"https:\/\/apparis.hr\/de\/wp-json\/wp\/v2\/tags?post=2822"}],"curies":[{"name":"wp","href":"https:\/\/api.w.org\/{rel}","templated":true}]}}